{"id":638,"date":"2015-05-30T21:27:13","date_gmt":"2015-05-30T21:27:13","guid":{"rendered":"http:\/\/www.lasterrazasdedana.com\/?p=638"},"modified":"2023-12-30T10:09:39","modified_gmt":"2023-12-30T15:09:39","slug":"un-ejemplo-de-lo-que-nos-motiva-a-seguir-mejorando","status":"publish","type":"post","link":"https:\/\/www.lasterrazasdedana.com\/es\/un-ejemplo-de-lo-que-nos-motiva-a-seguir-mejorando\/","title":{"rendered":"Un ejemplo de lo que nos motiva a seguir mejorando"},"content":{"rendered":"<p>Hola a todos,<\/p>\n<p>Estamos muy contentos en <a href=\"https:\/\/www.lasterrazasdedana.com\/es\/\">Las Terrazas de Dana<\/a> :)<\/p>\n<p>Aqu\u00ed tenemos un ejemplo que nos motiva a mejorar y seguir haciendolo mejor d\u00eda a d\u00eda para que nuestros clientes tengan una agradable (y esperamos que recuerden), estancia en Mindo Ecuador.<\/p>\n<figure id=\"attachment_636\" aria-describedby=\"caption-attachment-636\" style=\"width: 960px\" class=\"wp-caption aligncenter\"><a href=\"http:\/\/www.lasterrazasdedana.com\/wp-content\/uploads\/2015\/05\/Letter-mindo-ecuador.jpg\"><img fetchpriority=\"high\" decoding=\"async\" class=\"wp-image-636 size-large\" src=\"http:\/\/www.lasterrazasdedana.com\/wp-content\/uploads\/2015\/05\/Letter-mindo-ecuador-1024x576.jpg\" alt=\"mindo ecuador\" width=\"960\" height=\"540\" title=\"\" srcset=\"https:\/\/www.lasterrazasdedana.com\/wp-content\/uploads\/2015\/05\/Letter-mindo-ecuador-1024x576.jpg 1024w, https:\/\/www.lasterrazasdedana.com\/wp-content\/uploads\/2015\/05\/Letter-mindo-ecuador-300x169.jpg 300w, https:\/\/www.lasterrazasdedana.com\/wp-content\/uploads\/2015\/05\/Letter-mindo-ecuador-768x432.jpg 768w, https:\/\/www.lasterrazasdedana.com\/wp-content\/uploads\/2015\/05\/Letter-mindo-ecuador.jpg 1920w\" sizes=\"(max-width: 960px) 100vw, 960px\" \/><\/a><figcaption id=\"caption-attachment-636\" class=\"wp-caption-text\">mindo ecuador<\/figcaption><\/figure>\n<p>\u00a1Muchas gracias Dharm and Feruza!<\/p>\n","protected":false},"excerpt":{"rendered":"<p>Hola a todos, Estamos muy contentos en Las Terrazas de Dana :) Aqu\u00ed tenemos un ejemplo que nos motiva a mejorar y seguir haciendolo mejor d\u00eda a d\u00eda para que nuestros clientes tengan una agradable (y esperamos que recuerden), estancia en Mindo Ecuador. \u00a1Muchas gracias Dharm and Feruza!<\/p>\n","protected":false},"author":2,"featured_media":0,"comment_status":"closed","ping_status":"closed","sticky":false,"template":"","format":"standard","meta":{"footnotes":""},"categories":[43],"tags":[31,78,103,104],"class_list":["post-638","post","type-post","status-publish","format-standard","hentry","category-reviews","tag-hotel-en-mindo","tag-hotel-en-mindo-2","tag-hotel-en-mindo-3","tag-hotel-en-mindo-4"],"_links":{"self":[{"href":"https:\/\/www.lasterrazasdedana.com\/es\/wp-json\/wp\/v2\/posts\/638","targetHints":{"allow":["GET"]}}],"collection":[{"href":"https:\/\/www.lasterrazasdedana.com\/es\/wp-json\/wp\/v2\/posts"}],"about":[{"href":"https:\/\/www.lasterrazasdedana.com\/es\/wp-json\/wp\/v2\/types\/post"}],"author":[{"embeddable":true,"href":"https:\/\/www.lasterrazasdedana.com\/es\/wp-json\/wp\/v2\/users\/2"}],"replies":[{"embeddable":true,"href":"https:\/\/www.lasterrazasdedana.com\/es\/wp-json\/wp\/v2\/comments?post=638"}],"version-history":[{"count":2,"href":"https:\/\/www.lasterrazasdedana.com\/es\/wp-json\/wp\/v2\/posts\/638\/revisions"}],"predecessor-version":[{"id":11186,"href":"https:\/\/www.lasterrazasdedana.com\/es\/wp-json\/wp\/v2\/posts\/638\/revisions\/11186"}],"wp:attachment":[{"href":"https:\/\/www.lasterrazasdedana.com\/es\/wp-json\/wp\/v2\/media?parent=638"}],"wp:term":[{"taxonomy":"category","embeddable":true,"href":"https:\/\/www.lasterrazasdedana.com\/es\/wp-json\/wp\/v2\/categories?post=638"},{"taxonomy":"post_tag","embeddable":true,"href":"https:\/\/www.lasterrazasdedana.com\/es\/wp-json\/wp\/v2\/tags?post=638"}],"curies":[{"name":"wp","href":"https:\/\/api.w.org\/{rel}","templated":true}]}}